{"id":1579,"date":"2018-03-22T17:45:31","date_gmt":"2018-03-22T16:45:31","guid":{"rendered":"https:\/\/fonderiesdesougland.fr\/?p=1579"},"modified":"2018-03-22T17:45:31","modified_gmt":"2018-03-22T16:45:31","slug":"global-industrie","status":"publish","type":"post","link":"https:\/\/fonderiesdesougland.fr\/uk\/2018\/03\/22\/global-industrie\/","title":{"rendered":"\u00c7a s&rsquo;est pass\u00e9 \u00e0 Global Industrie&#8230;"},"content":{"rendered":"<p><span style=\"color: #f18700\"><strong><span style=\"font-size: 18pt\">INAUGURATION DU SALON PAR BRUNO LE MAIRE, MINISTRE DE L&rsquo;\u00c9CONOMIE ET DES FINANCES<\/span> <\/strong><\/span><\/p>\n<p>&nbsp;<\/p>\n<p><img loading=\"lazy\" decoding=\"async\" class=\"alignnone wp-image-1617\" src=\"https:\/\/fonderiesdesougland.fr\/wp-content\/uploads\/2018\/03\/Bruno-le-maire-2.jpg\" alt=\"\" width=\"468\" height=\"352\" \/> <img loading=\"lazy\" decoding=\"async\" class=\"alignnone wp-image-1618\" src=\"https:\/\/fonderiesdesougland.fr\/wp-content\/uploads\/2018\/03\/French-Fab-1.png\" alt=\"\" width=\"334\" height=\"352\" \/><\/p>\n<p>&nbsp;<\/p>\n<p>Inauguration mardi 27 mars du salon Global Industrie par Bruno Le Maire, Ministre de l\u2019\u00c9conomie et des Finances. Monsieur Le Maire \u00e9tait pr\u00e9sent sur le stand de la FrenchFab pour promouvoir l\u2019industrie et l\u2019Usine Extraordinaire\u00a0:<\/p>\n<blockquote><p><span style=\"color: #f18700\"><em>L&rsquo;industrie c&rsquo;est le futur de la France, elle fait partie de notre patrimoine.<\/em><\/span><\/p><\/blockquote>\n<p>&nbsp;<\/p>\n<p><span style=\"font-size: 14pt\"><strong><span style=\"color: #f18700\"><span style=\"font-size: 18pt\">C\u00c9R\u00c9MONIE DE REMISE DES TROPH\u00c9ES VITRINE INDUSTRIE DU FUTUR<\/span> <\/span><\/strong><\/span><\/p>\n<p>&nbsp;<\/p>\n<p><img loading=\"lazy\" decoding=\"async\" class=\"wp-image-1612 alignnone\" src=\"https:\/\/fonderiesdesougland.fr\/wp-content\/uploads\/2018\/03\/remise-troph\u00e9es-1.jpg\" alt=\"\" width=\"376\" height=\"251\" \/>\u00a0 <img loading=\"lazy\" decoding=\"async\" class=\"wp-image-1614 alignnone\" src=\"https:\/\/fonderiesdesougland.fr\/wp-content\/uploads\/2018\/03\/remise-troph\u00e9es-2.jpg\" alt=\"\" width=\"333\" height=\"250\" \/> <img loading=\"lazy\" decoding=\"async\" class=\"wp-image-1613 alignnone\" src=\"https:\/\/fonderiesdesougland.fr\/wp-content\/uploads\/2018\/03\/remise-troph\u00e9es-3.jpg\" alt=\"\" width=\"337\" height=\"253\" \/><\/p>\n<p>&nbsp;<\/p>\n<p>Mardi 27 mars avait lieu la c\u00e9r\u00e9monie de remise des troph\u00e9es <span style=\"color: #f18700\">Vitrines Industrie du Futur<\/span> dont le n\u00f4tre remis par Delphine Geny-Stephann, Secr\u00e9taire d&rsquo;\u00c9tat aupr\u00e8s de Bruno Le Maire, avec Philippe Darmayan Pr\u00e9sident Industrie du Futur et Fran\u00e7ois Bichet Chief Technology Strat\u00e9gist chez Dassault Syst\u00e8mes. Ce troph\u00e9e a \u00e9t\u00e9 d\u00e9cern\u00e9 aux Fonderies de Sougland pour leur sens de l\u2019innovation.<\/p>\n<p>&nbsp;<\/p>\n<p><span style=\"font-size: 18pt;color: #f18700\"><strong>VISITE DE FR\u00c9D\u00c9RIQUE VIDAL, MINISTRE DE L&rsquo;ENSEIGNEMENT SUP\u00c9RIEUR, DE LA RECHERCHE ET DE L&rsquo;INNOVATION<\/strong><\/span><\/p>\n<p>&nbsp;<\/p>\n<p><img loading=\"lazy\" decoding=\"async\" class=\"alignnone wp-image-1619\" src=\"https:\/\/fonderiesdesougland.fr\/wp-content\/uploads\/2018\/03\/fr\u00e9d\u00e9rique-vidal.jpg\" alt=\"\" width=\"553\" height=\"325\" \/>\u00a0 <img loading=\"lazy\" decoding=\"async\" class=\"alignnone  wp-image-1696\" src=\"https:\/\/fonderiesdesougland.fr\/wp-content\/uploads\/2018\/03\/DZYRsqUVwAA7J1W.jpg-large.jpg\" alt=\"\" width=\"508\" height=\"381\" \/><\/p>\n<p>&nbsp;<\/p>\n<p>L&rsquo;inauguration du Ministre de l&rsquo;\u00c9conomie et des Finances a \u00e9t\u00e9 suivie par la visite de Fr\u00e9d\u00e9rique Vidal, Ministre de l\u2019Enseignement Sup\u00e9rieur, de la Recherche et de l\u2019Innovation avec un\u00a0Keynote sur l&rsquo;innovation en ouverture du d\u00e9bat <em><span style=\"color: #f18700\">D\u00e9fis et perspectives pour l&rsquo;Industrie du Futur<\/span><\/em>, sur le plateau TV Smart Industrie.<\/p>\n<p>&nbsp;<\/p>\n<p><strong><span style=\"font-size: 18pt;color: #f18700\">VISITE DE LAURA FLESSEL, MINISTRE DES SPORTS <\/span><\/strong><\/p>\n<p>&nbsp;<\/p>\n<p><img loading=\"lazy\" decoding=\"async\" class=\"alignnone wp-image-1620\" src=\"https:\/\/fonderiesdesougland.fr\/wp-content\/uploads\/2018\/03\/Laura-Flessel.jpg\" alt=\"\" width=\"598\" height=\"449\" \/><\/p>\n<p>&nbsp;<\/p>\n<p>La ministre des Sports, Madame Laura Flessel, \u00e9tait pr\u00e9sente au salon Global Industrie jeudi 29 mars pour d\u00e9couvrir l\u2019animation tir laser de Cl\u00e9ment Jacquelin, champion du monde de biathlon Place de la M\u00e9canique.<\/p>\n<p>&nbsp;<\/p>\n<p><span style=\"font-size: 18pt;color: #f18700\"><strong>CONF\u00c9RENCE : L&rsquo;OFFRE DE SERVICE FUSIONNE AVEC LE PRODUIT<\/strong> <\/span><\/p>\n<p>&nbsp;<\/p>\n<p><img loading=\"lazy\" decoding=\"async\" class=\"alignnone wp-image-1621\" src=\"https:\/\/fonderiesdesougland.fr\/wp-content\/uploads\/2018\/03\/Conf\u00e9rence.jpg\" alt=\"\" width=\"734\" height=\"413\" \/><\/p>\n<p>&nbsp;<\/p>\n<p>Conf\u00e9rence vendredi 30 mars sur le plateauTV MIDEST <span style=\"color: #f18700\"><em>L&rsquo;offre de service fusionne avec le produit<\/em><\/span>. Table ronde anim\u00e9e par Jean-Christophe Lecosse, Directeur g\u00e9n\u00e9ral du CNRFID avec les intervenants\u00a0:<\/p>\n<p>&nbsp;<\/p>\n<ul style=\"list-style-type: square\">\n<li><span style=\"color: #f18700\">Paolo del Noce<\/span>, CEO France de Akka Technologies<\/li>\n<li><span style=\"color: #f18700\">Olivier Lluansi<\/span>, Associ\u00e9 Strat\u00e9gie d\u2019 Industrie du futur \u2013 EY<\/li>\n<li><span style=\"color: #f18700\">Jean-Fran\u00e7ois Marette<\/span>, Pr\u00e9sident de Shick<\/li>\n<li>Et <span style=\"color: #f18700\">Yves Noirot<\/span>, Directeur G\u00e9n\u00e9ral des Fonderies de Sougland<\/li>\n<\/ul>\n<p>&nbsp;<\/p>\n<p><span style=\"color: #f18700;font-size: 18pt\"><strong>LES FONDERIES DE SOUGLAND LABELLIS\u00c9ES OFFREURS DE SOLUTIONS ET ENGAG\u00c9ES DANS LA FRENCH FAB<br \/>\n<\/strong><\/span><\/p>\n<p>&nbsp;<\/p>\n<p><img loading=\"lazy\" decoding=\"async\" class=\"alignnone wp-image-1622\" src=\"https:\/\/fonderiesdesougland.fr\/wp-content\/uploads\/2018\/03\/Offreurs-de-solutions-1.jpg\" alt=\"\" width=\"379\" height=\"294\" \/>\u00a0<img loading=\"lazy\" decoding=\"async\" class=\"alignnone wp-image-1624\" src=\"https:\/\/fonderiesdesougland.fr\/wp-content\/uploads\/2018\/03\/Offreurs-de-solutions-2.jpg\" alt=\"\" width=\"442\" height=\"295\" \/><\/p>\n<p>&nbsp;<\/p>\n<p>Les Fonderies de Sougland sont labellis\u00e9es <span style=\"color: #f18700\">Offreurs de Solutions <\/span>et sont fi\u00e8res ambassadrices pour porter haut et fort les couleurs de la<span style=\"color: #f18700\"> FrenchFab <span style=\"color: #000000\">!<\/span><\/span><span style=\"color: #000000\">\u00a0<\/span> Notre \u00e9quipe a eu le plaisir de vous\u00a0 pr\u00e9senter l&rsquo;offre \u00e0 tiroir et l&rsquo;offre globale R&amp;D int\u00e9gr\u00e9e lors du salon Global Industrie. La doyenne se remet en question, s&rsquo;adapte encore et toujours \u00e0 son \u00e9poque ! Prochains rendez-vous \u00e0 la <span style=\"color: #f18700\">Foire de<\/span> <span style=\"color: #f18700\">Hanovre<\/span> fin avril puis \u00e0 l&rsquo;<span style=\"color: #f18700\">Usine Extraordinaire<\/span> fin novembre 2018 !<\/p>\n<p>&nbsp;<\/p>\n<p><span style=\"color: #f18700;font-size: 18pt\"><strong>LANCEMENT DE L&rsquo;USINE EXTRAORDINNAIRE <\/strong><\/span><\/p>\n<p>&nbsp;<\/p>\n<p><img loading=\"lazy\" decoding=\"async\" class=\"alignnone wp-image-1625\" src=\"https:\/\/fonderiesdesougland.fr\/wp-content\/uploads\/2018\/03\/Usine-extraordinnaire-1.jpg\" alt=\"\" width=\"350\" height=\"263\" \/>\u00a0\u00a0<img loading=\"lazy\" decoding=\"async\" class=\"alignnone wp-image-1626\" src=\"https:\/\/fonderiesdesougland.fr\/wp-content\/uploads\/2018\/03\/Usine-extraordinnaire-2-1.jpg\" alt=\"\" width=\"463\" height=\"261\" \/><\/p>\n<p>&nbsp;<\/p>\n<p>Pour f\u00eater l\u2019industrie du futur, rendez-vous avec les Fonderies de Sougland du <span style=\"color: #f18700\">22 au 25 novembre 2018 \u00e0 l\u2019Usine Extraordinnaire<\/span> au Grand Palais de Paris. Une usine qui vous fera changer d\u2019id\u00e9e sur l\u2019usine\u00a0!<\/p>\n<p>&nbsp;<\/p>\n","protected":false},"excerpt":{"rendered":"<p>INAUGURATION DU SALON PAR BRUNO LE MAIRE, MINISTRE DE L&rsquo;\u00c9CONOMIE ET DES FINANCES &nbsp; &nbsp; Inauguration mardi 27 mars du salon Global Industrie par Bruno Le Maire, Ministre de l\u2019\u00c9conomie et des Finances. Monsieur Le Maire \u00e9tait pr\u00e9sent sur le stand de la FrenchFab pour promouvoir l\u2019industrie et l\u2019Usine Extraordinaire\u00a0: L&rsquo;industrie c&rsquo;est le futur de [&hellip;]<\/p>\n","protected":false},"author":2,"featured_media":0,"comment_status":"open","ping_status":"open","sticky":false,"template":"","format":"standard","meta":{"_acf_changed":false,"footnotes":""},"categories":[20],"tags":[],"class_list":["post-1579","post","type-post","status-publish","format-standard","hentry","category-actualites"],"acf":[],"yoast_head":"<!-- This site is optimized with the Yoast SEO plugin v27.5 - https:\/\/yoast.com\/product\/yoast-seo-wordpress\/ -->\n<title>\u00c7a s&#039;est pass\u00e9 \u00e0 Global Industrie... - Sougland Foundry<\/title>\n<meta name=\"robots\" content=\"index, follow, max-snippet:-1, max-image-preview:large, max-video-preview:-1\" \/>\n<link rel=\"canonical\" href=\"https:\/\/fonderiesdesougland.fr\/uk\/2018\/03\/22\/global-industrie\/\" \/>\n<meta property=\"og:locale\" content=\"fr_FR\" \/>\n<meta property=\"og:type\" content=\"article\" \/>\n<meta property=\"og:title\" content=\"\u00c7a s&#039;est pass\u00e9 \u00e0 Global Industrie... - Sougland Foundry\" \/>\n<meta property=\"og:description\" content=\"INAUGURATION DU SALON PAR BRUNO LE MAIRE, MINISTRE DE L&rsquo;\u00c9CONOMIE ET DES FINANCES &nbsp; &nbsp; Inauguration mardi 27 mars du salon Global Industrie par Bruno Le Maire, Ministre de l\u2019\u00c9conomie et des Finances. Monsieur Le Maire \u00e9tait pr\u00e9sent sur le stand de la FrenchFab pour promouvoir l\u2019industrie et l\u2019Usine Extraordinaire\u00a0: L&rsquo;industrie c&rsquo;est le futur de [&hellip;]\" \/>\n<meta property=\"og:url\" content=\"https:\/\/fonderiesdesougland.fr\/uk\/2018\/03\/22\/global-industrie\/\" \/>\n<meta property=\"og:site_name\" content=\"Sougland Foundry\" \/>\n<meta property=\"article:published_time\" content=\"2018-03-22T16:45:31+00:00\" \/>\n<meta name=\"author\" content=\"martine\" \/>\n<meta name=\"twitter:card\" content=\"summary_large_image\" \/>\n<meta name=\"twitter:label1\" content=\"\u00c9crit par\" \/>\n\t<meta name=\"twitter:data1\" content=\"martine\" \/>\n\t<meta name=\"twitter:label2\" content=\"Dur\u00e9e de lecture estim\u00e9e\" \/>\n\t<meta name=\"twitter:data2\" content=\"2 minutes\" \/>\n<script type=\"application\/ld+json\" class=\"yoast-schema-graph\">{\"@context\":\"https:\\\/\\\/schema.org\",\"@graph\":[{\"@type\":\"Article\",\"@id\":\"https:\\\/\\\/fonderiesdesougland.fr\\\/uk\\\/2018\\\/03\\\/22\\\/global-industrie\\\/#article\",\"isPartOf\":{\"@id\":\"https:\\\/\\\/fonderiesdesougland.fr\\\/uk\\\/2018\\\/03\\\/22\\\/global-industrie\\\/\"},\"author\":{\"name\":\"martine\",\"@id\":\"https:\\\/\\\/fonderiesdesougland.fr\\\/uk\\\/#\\\/schema\\\/person\\\/ea948c015a49707797c5c087aa069efa\"},\"headline\":\"\u00c7a s&rsquo;est pass\u00e9 \u00e0 Global Industrie&#8230;\",\"datePublished\":\"2018-03-22T16:45:31+00:00\",\"mainEntityOfPage\":{\"@id\":\"https:\\\/\\\/fonderiesdesougland.fr\\\/uk\\\/2018\\\/03\\\/22\\\/global-industrie\\\/\"},\"wordCount\":517,\"commentCount\":0,\"image\":{\"@id\":\"https:\\\/\\\/fonderiesdesougland.fr\\\/uk\\\/2018\\\/03\\\/22\\\/global-industrie\\\/#primaryimage\"},\"thumbnailUrl\":\"https:\\\/\\\/fonderiesdesougland.fr\\\/wp-content\\\/uploads\\\/2018\\\/03\\\/Bruno-le-maire-2.jpg\",\"articleSection\":[\"Actualit\u00e9s\"],\"inLanguage\":\"fr-FR\",\"potentialAction\":[{\"@type\":\"CommentAction\",\"name\":\"Comment\",\"target\":[\"https:\\\/\\\/fonderiesdesougland.fr\\\/uk\\\/2018\\\/03\\\/22\\\/global-industrie\\\/#respond\"]}]},{\"@type\":\"WebPage\",\"@id\":\"https:\\\/\\\/fonderiesdesougland.fr\\\/uk\\\/2018\\\/03\\\/22\\\/global-industrie\\\/\",\"url\":\"https:\\\/\\\/fonderiesdesougland.fr\\\/uk\\\/2018\\\/03\\\/22\\\/global-industrie\\\/\",\"name\":\"\u00c7a s'est pass\u00e9 \u00e0 Global Industrie... - Sougland Foundry\",\"isPartOf\":{\"@id\":\"https:\\\/\\\/fonderiesdesougland.fr\\\/uk\\\/#website\"},\"primaryImageOfPage\":{\"@id\":\"https:\\\/\\\/fonderiesdesougland.fr\\\/uk\\\/2018\\\/03\\\/22\\\/global-industrie\\\/#primaryimage\"},\"image\":{\"@id\":\"https:\\\/\\\/fonderiesdesougland.fr\\\/uk\\\/2018\\\/03\\\/22\\\/global-industrie\\\/#primaryimage\"},\"thumbnailUrl\":\"https:\\\/\\\/fonderiesdesougland.fr\\\/wp-content\\\/uploads\\\/2018\\\/03\\\/Bruno-le-maire-2.jpg\",\"datePublished\":\"2018-03-22T16:45:31+00:00\",\"author\":{\"@id\":\"https:\\\/\\\/fonderiesdesougland.fr\\\/uk\\\/#\\\/schema\\\/person\\\/ea948c015a49707797c5c087aa069efa\"},\"breadcrumb\":{\"@id\":\"https:\\\/\\\/fonderiesdesougland.fr\\\/uk\\\/2018\\\/03\\\/22\\\/global-industrie\\\/#breadcrumb\"},\"inLanguage\":\"fr-FR\",\"potentialAction\":[{\"@type\":\"ReadAction\",\"target\":[\"https:\\\/\\\/fonderiesdesougland.fr\\\/uk\\\/2018\\\/03\\\/22\\\/global-industrie\\\/\"]}]},{\"@type\":\"ImageObject\",\"inLanguage\":\"fr-FR\",\"@id\":\"https:\\\/\\\/fonderiesdesougland.fr\\\/uk\\\/2018\\\/03\\\/22\\\/global-industrie\\\/#primaryimage\",\"url\":\"https:\\\/\\\/fonderiesdesougland.fr\\\/wp-content\\\/uploads\\\/2018\\\/03\\\/Bruno-le-maire-2.jpg\",\"contentUrl\":\"https:\\\/\\\/fonderiesdesougland.fr\\\/wp-content\\\/uploads\\\/2018\\\/03\\\/Bruno-le-maire-2.jpg\"},{\"@type\":\"BreadcrumbList\",\"@id\":\"https:\\\/\\\/fonderiesdesougland.fr\\\/uk\\\/2018\\\/03\\\/22\\\/global-industrie\\\/#breadcrumb\",\"itemListElement\":[{\"@type\":\"ListItem\",\"position\":1,\"name\":\"Accueil\",\"item\":\"https:\\\/\\\/fonderiesdesougland.fr\\\/uk\\\/\"},{\"@type\":\"ListItem\",\"position\":2,\"name\":\"\u00c7a s&#8217;est pass\u00e9 \u00e0 Global Industrie&#8230;\"}]},{\"@type\":\"WebSite\",\"@id\":\"https:\\\/\\\/fonderiesdesougland.fr\\\/uk\\\/#website\",\"url\":\"https:\\\/\\\/fonderiesdesougland.fr\\\/uk\\\/\",\"name\":\"Sougland Foundry\",\"description\":\"\",\"potentialAction\":[{\"@type\":\"SearchAction\",\"target\":{\"@type\":\"EntryPoint\",\"urlTemplate\":\"https:\\\/\\\/fonderiesdesougland.fr\\\/uk\\\/?s={search_term_string}\"},\"query-input\":{\"@type\":\"PropertyValueSpecification\",\"valueRequired\":true,\"valueName\":\"search_term_string\"}}],\"inLanguage\":\"fr-FR\"},{\"@type\":\"Person\",\"@id\":\"https:\\\/\\\/fonderiesdesougland.fr\\\/uk\\\/#\\\/schema\\\/person\\\/ea948c015a49707797c5c087aa069efa\",\"name\":\"martine\",\"image\":{\"@type\":\"ImageObject\",\"inLanguage\":\"fr-FR\",\"@id\":\"https:\\\/\\\/secure.gravatar.com\\\/avatar\\\/5b9687738d6d1f91a737202bd36b4ebdfa244c69401cf724e2ef9d2114c5fad0?s=96&d=mm&r=g\",\"url\":\"https:\\\/\\\/secure.gravatar.com\\\/avatar\\\/5b9687738d6d1f91a737202bd36b4ebdfa244c69401cf724e2ef9d2114c5fad0?s=96&d=mm&r=g\",\"contentUrl\":\"https:\\\/\\\/secure.gravatar.com\\\/avatar\\\/5b9687738d6d1f91a737202bd36b4ebdfa244c69401cf724e2ef9d2114c5fad0?s=96&d=mm&r=g\",\"caption\":\"martine\"},\"url\":\"https:\\\/\\\/fonderiesdesougland.fr\\\/uk\\\/author\\\/martine\\\/\"}]}<\/script>\n<!-- \/ Yoast SEO plugin. -->","yoast_head_json":{"title":"\u00c7a s'est pass\u00e9 \u00e0 Global Industrie... - Sougland Foundry","robots":{"index":"index","follow":"follow","max-snippet":"max-snippet:-1","max-image-preview":"max-image-preview:large","max-video-preview":"max-video-preview:-1"},"canonical":"https:\/\/fonderiesdesougland.fr\/uk\/2018\/03\/22\/global-industrie\/","og_locale":"fr_FR","og_type":"article","og_title":"\u00c7a s'est pass\u00e9 \u00e0 Global Industrie... - Sougland Foundry","og_description":"INAUGURATION DU SALON PAR BRUNO LE MAIRE, MINISTRE DE L&rsquo;\u00c9CONOMIE ET DES FINANCES &nbsp; &nbsp; Inauguration mardi 27 mars du salon Global Industrie par Bruno Le Maire, Ministre de l\u2019\u00c9conomie et des Finances. Monsieur Le Maire \u00e9tait pr\u00e9sent sur le stand de la FrenchFab pour promouvoir l\u2019industrie et l\u2019Usine Extraordinaire\u00a0: L&rsquo;industrie c&rsquo;est le futur de [&hellip;]","og_url":"https:\/\/fonderiesdesougland.fr\/uk\/2018\/03\/22\/global-industrie\/","og_site_name":"Sougland Foundry","article_published_time":"2018-03-22T16:45:31+00:00","author":"martine","twitter_card":"summary_large_image","twitter_misc":{"\u00c9crit par":"martine","Dur\u00e9e de lecture estim\u00e9e":"2 minutes"},"schema":{"@context":"https:\/\/schema.org","@graph":[{"@type":"Article","@id":"https:\/\/fonderiesdesougland.fr\/uk\/2018\/03\/22\/global-industrie\/#article","isPartOf":{"@id":"https:\/\/fonderiesdesougland.fr\/uk\/2018\/03\/22\/global-industrie\/"},"author":{"name":"martine","@id":"https:\/\/fonderiesdesougland.fr\/uk\/#\/schema\/person\/ea948c015a49707797c5c087aa069efa"},"headline":"\u00c7a s&rsquo;est pass\u00e9 \u00e0 Global Industrie&#8230;","datePublished":"2018-03-22T16:45:31+00:00","mainEntityOfPage":{"@id":"https:\/\/fonderiesdesougland.fr\/uk\/2018\/03\/22\/global-industrie\/"},"wordCount":517,"commentCount":0,"image":{"@id":"https:\/\/fonderiesdesougland.fr\/uk\/2018\/03\/22\/global-industrie\/#primaryimage"},"thumbnailUrl":"https:\/\/fonderiesdesougland.fr\/wp-content\/uploads\/2018\/03\/Bruno-le-maire-2.jpg","articleSection":["Actualit\u00e9s"],"inLanguage":"fr-FR","potentialAction":[{"@type":"CommentAction","name":"Comment","target":["https:\/\/fonderiesdesougland.fr\/uk\/2018\/03\/22\/global-industrie\/#respond"]}]},{"@type":"WebPage","@id":"https:\/\/fonderiesdesougland.fr\/uk\/2018\/03\/22\/global-industrie\/","url":"https:\/\/fonderiesdesougland.fr\/uk\/2018\/03\/22\/global-industrie\/","name":"\u00c7a s'est pass\u00e9 \u00e0 Global Industrie... - Sougland Foundry","isPartOf":{"@id":"https:\/\/fonderiesdesougland.fr\/uk\/#website"},"primaryImageOfPage":{"@id":"https:\/\/fonderiesdesougland.fr\/uk\/2018\/03\/22\/global-industrie\/#primaryimage"},"image":{"@id":"https:\/\/fonderiesdesougland.fr\/uk\/2018\/03\/22\/global-industrie\/#primaryimage"},"thumbnailUrl":"https:\/\/fonderiesdesougland.fr\/wp-content\/uploads\/2018\/03\/Bruno-le-maire-2.jpg","datePublished":"2018-03-22T16:45:31+00:00","author":{"@id":"https:\/\/fonderiesdesougland.fr\/uk\/#\/schema\/person\/ea948c015a49707797c5c087aa069efa"},"breadcrumb":{"@id":"https:\/\/fonderiesdesougland.fr\/uk\/2018\/03\/22\/global-industrie\/#breadcrumb"},"inLanguage":"fr-FR","potentialAction":[{"@type":"ReadAction","target":["https:\/\/fonderiesdesougland.fr\/uk\/2018\/03\/22\/global-industrie\/"]}]},{"@type":"ImageObject","inLanguage":"fr-FR","@id":"https:\/\/fonderiesdesougland.fr\/uk\/2018\/03\/22\/global-industrie\/#primaryimage","url":"https:\/\/fonderiesdesougland.fr\/wp-content\/uploads\/2018\/03\/Bruno-le-maire-2.jpg","contentUrl":"https:\/\/fonderiesdesougland.fr\/wp-content\/uploads\/2018\/03\/Bruno-le-maire-2.jpg"},{"@type":"BreadcrumbList","@id":"https:\/\/fonderiesdesougland.fr\/uk\/2018\/03\/22\/global-industrie\/#breadcrumb","itemListElement":[{"@type":"ListItem","position":1,"name":"Accueil","item":"https:\/\/fonderiesdesougland.fr\/uk\/"},{"@type":"ListItem","position":2,"name":"\u00c7a s&#8217;est pass\u00e9 \u00e0 Global Industrie&#8230;"}]},{"@type":"WebSite","@id":"https:\/\/fonderiesdesougland.fr\/uk\/#website","url":"https:\/\/fonderiesdesougland.fr\/uk\/","name":"Sougland Foundry","description":"","potentialAction":[{"@type":"SearchAction","target":{"@type":"EntryPoint","urlTemplate":"https:\/\/fonderiesdesougland.fr\/uk\/?s={search_term_string}"},"query-input":{"@type":"PropertyValueSpecification","valueRequired":true,"valueName":"search_term_string"}}],"inLanguage":"fr-FR"},{"@type":"Person","@id":"https:\/\/fonderiesdesougland.fr\/uk\/#\/schema\/person\/ea948c015a49707797c5c087aa069efa","name":"martine","image":{"@type":"ImageObject","inLanguage":"fr-FR","@id":"https:\/\/secure.gravatar.com\/avatar\/5b9687738d6d1f91a737202bd36b4ebdfa244c69401cf724e2ef9d2114c5fad0?s=96&d=mm&r=g","url":"https:\/\/secure.gravatar.com\/avatar\/5b9687738d6d1f91a737202bd36b4ebdfa244c69401cf724e2ef9d2114c5fad0?s=96&d=mm&r=g","contentUrl":"https:\/\/secure.gravatar.com\/avatar\/5b9687738d6d1f91a737202bd36b4ebdfa244c69401cf724e2ef9d2114c5fad0?s=96&d=mm&r=g","caption":"martine"},"url":"https:\/\/fonderiesdesougland.fr\/uk\/author\/martine\/"}]}},"_links":{"self":[{"href":"https:\/\/fonderiesdesougland.fr\/uk\/wp-json\/wp\/v2\/posts\/1579","targetHints":{"allow":["GET"]}}],"collection":[{"href":"https:\/\/fonderiesdesougland.fr\/uk\/wp-json\/wp\/v2\/posts"}],"about":[{"href":"https:\/\/fonderiesdesougland.fr\/uk\/wp-json\/wp\/v2\/types\/post"}],"author":[{"embeddable":true,"href":"https:\/\/fonderiesdesougland.fr\/uk\/wp-json\/wp\/v2\/users\/2"}],"replies":[{"embeddable":true,"href":"https:\/\/fonderiesdesougland.fr\/uk\/wp-json\/wp\/v2\/comments?post=1579"}],"version-history":[{"count":0,"href":"https:\/\/fonderiesdesougland.fr\/uk\/wp-json\/wp\/v2\/posts\/1579\/revisions"}],"wp:attachment":[{"href":"https:\/\/fonderiesdesougland.fr\/uk\/wp-json\/wp\/v2\/media?parent=1579"}],"wp:term":[{"taxonomy":"category","embeddable":true,"href":"https:\/\/fonderiesdesougland.fr\/uk\/wp-json\/wp\/v2\/categories?post=1579"},{"taxonomy":"post_tag","embeddable":true,"href":"https:\/\/fonderiesdesougland.fr\/uk\/wp-json\/wp\/v2\/tags?post=1579"}],"curies":[{"name":"wp","href":"https:\/\/api.w.org\/{rel}","templated":true}]}}